{"id":1042,"date":"2010-07-22T14:27:30","date_gmt":"2010-07-22T14:27:30","guid":{"rendered":"https:\/\/www.croaziere.net\/blog\/?p=1042"},"modified":"2015-09-03T19:48:46","modified_gmt":"2015-09-03T19:48:46","slug":"in-plina-criza-clujenii-prefera-palma-de-mallorca-si-croazierele","status":"publish","type":"post","link":"https:\/\/www.croaziere.net\/blog\/in-plina-criza-clujenii-prefera-palma-de-mallorca-si-croazierele\/","title":{"rendered":"\u00cen plin\u0103 criz\u0103, clujenii prefer\u0103 Palma de Mallorca \u015fi croazierele"},"content":{"rendered":"<p>Recesiunea, dar \u015fi tensiunile sociale din Grecia i-au determinat pe cei care alegeau aceast\u0103 destina\u0163ie s\u0103 se \u00eendrepte spre alte loca\u0163ii, mai exotice.<\/p>\n<p>Locuri de vis ca Palma de Mallorca, Muntenegru, Antalya, Egipt, dar \u015fi croazierele \u00een Marea Caraibilor sunt preferate acum de clujeni. \u201cPerla Mediteranei\u201d, cum este numit\u0103 adesea Palma de Mallorca, a fost introdus\u0103 abia de anul trecut \u00een r\u00e2ndul ofertelor de vacan\u0163\u0103 disponibile pentru clujeni.<\/p>\n<p>\u201cNu a avut prea mare c\u0103utare la \u00eenceput, \u00een 2009 clujenii erau \u00eenc\u0103 fascina\u0163i de Grecia\u201d, a precizat Martin Bikfalvi, pre\u015fedintele Asocia\u0163iei Na\u0163ionale a Agen\u0163iilor de Turism din Rom\u00e2nia (ANAT) din Regiunea Nord-Vest. \u201cV\u00e2nz\u0103rile pentru Grecia au sc\u0103zut din cauza crizei, a protestelor \u015fi a manifesta\u0163iilor stradale de acolo\u201d, a mai spus directorul ANAT Nord-Vest. Cei mai mul\u0163i au preferat ca alternativ\u0103 Palma de Mallorca. \u201cEste o alegere bun\u0103, un nume cu rezonan\u0163\u0103 \u015fi pre\u0163uri acceptabile\u201d, a apreciat Bikfalvi.<\/p>\n<p>Al\u0163ii se \u00eendreapt\u0103 spre Turcia, \u00een binecunoscuta Antalya, \u00een timp ce o cre\u015ftere spectaculoas\u0103 a cererilor s-a \u00eenregistrat \u015fi pentru Muntenegru, Costa Brava \u015fi diverse alte loca\u0163ii din Spania, Italia sau Egipt. \u201cOfertele sunt ceva mai bune acum pentru destina\u0163iile mai scumpe\u201d, a specificat Bikfalvi. Totu\u015fi, num\u0103rul turi\u015ftilor clujeni este mai redus comparativ cu vara trecut\u0103, fenomen cauzat at\u00e2t de sc\u0103derea veniturilor popula\u0163iei, c\u00e2t \u015fi de reducerea charterelor spre destina\u0163iile obi\u015fnuite de vacan\u0163\u0103.<\/p>\n<p>\u00een schimb, cererea pentru croaziere a crescut fa\u0163\u0103 de anul trecut. \u201c\u00een 2009 aveam cam 40 de solicit\u0103ri pe lun\u0103 \u015fi acum au ajuns la 60-70\u201d, a men\u0163ionat Casiana B\u0103sea, administratorul filialei clujene a agen\u0163iei OfficeTravel.<\/p>\n<p>\u201cRom\u00e2nii au \u00eenceput s\u0103 analizeze mai atent posibilit\u0103\u0163ile de petrecere a vacan\u0163elor \u015fi s\u0103 nu mai aleag\u0103 prima ofert\u0103. S-au s\u0103turat de excursii cu autocarul \u00een Turcia sau Spania, de Tunisia \u015fi de Italia \u015fi realizeaz\u0103 avantajele deosebite pe care le au \u00eentr-o vacan\u0163\u0103 \u00een croazier\u0103\u201d, a apreciat administratorul.<\/p>\n<p>Croazierele \u00een Caraibe au fost foarte c\u0103utate \u00een acest an, apoi cele pe Mediterana de Vest \u015fi cea de Est sau nordul Europei, la fel \u015fi cele care str\u0103bat capitalele nordice ori zona Norvegiei. Pre\u0163ul unui asemenea sejur variaz\u0103 de la 490 la c\u00e2teva mii de euro. \u201cAu fost \u015fi oferte mai speciale, cu reduceri de p\u00e2n\u0103 la 350 de euro, dar nu au dominat pia\u0163a\u201d, a mai spus Casiana B\u0103sea.<\/p>\n<p>Aproape 80% dintre turi\u015ftii rom\u00e2ni prefer\u0103 hotelurile de cinci stele, 17 procente au ales hotelurile de patru stele \u015fi doar 5% au optat pentru cele de trei stele, dup\u0103 cum relev\u0103 un studiu al agen\u0163iei de turism Tez Tour.<\/p>\n<p>\u201cAproximativ 80% dintre clien\u0163ii de anul acesta sunt familii cu copii, care\u00a0 prefer\u0103 s\u0103 c\u0103l\u0103toreasc\u0103 \u00een Turcia.\u00a0 Ospitalitatea \u015fi calitatea serviciilor de pe litoralul turcesc atrag turi\u015fti de toate v\u00e2rstele, inclusiv pensionari. Egiptul, \u00een schimb, este preferat de turi\u015ftii cu v\u00e2rste cuprinse \u00eentre 20 \u015fi 45 de ani, care c\u0103l\u0103toresc f\u0103r\u0103 copii. Ace\u015ftia sunt mai degrab\u0103 turi\u015ftii dinamici, care nu doresc doar s\u0103 se relaxeze \u015fi s\u0103 se distreze. Ei sunt atra\u015fi de aventur\u0103, de excursii, scuba diving \u015fi alte atrac\u0163ii de acest gen\u201d, se arat\u0103 \u00een comunicatul agen\u0163iei.<\/p>\n<p>Schimbarea are la baz\u0103 promo\u0163iile \u201cmai mult dec\u00e2t avantajoase la serviciile de cazare\u201d. Cel pu\u0163in 100 de euro au cheltuit rom\u00e2nii care au accesat ofertele cu pricina, conform calculelor agen\u0163iei. \u201c Peste 26.000 de rom\u00e2ni au plecat \u00een vacan\u0163\u0103 cu Tez Tour \u00een 2010, fa\u0163\u0103 de 30.000 de turi\u015fti pe tot parcursul anului 2009 \u015fi 35.000 \u00een 2008\u201d, spun cei de la Tez Tour.<\/p>\n<p>\u00een cur\u00e2nd, zboruri directe spre Egipt<\/p>\n<p>\u201cClujul se afl\u0103 la noi \u00een topul v\u00e2nz\u0103rilor, imediat dup\u0103 Bucure\u015fti. Avem s\u0103pt\u0103m\u00e2nal dou\u0103 zboruri de acolo \u015fi de fiecare dat\u0103 locurile sunt 95% ocupate\u201d, a precizat Ioana Calen, PR Tez Tour.<\/p>\n<p>\u201cInten\u0163ion\u0103m s\u0103 introducem c\u00e2t de repede \u015fi zboruri directe de la Cluj \u00een Egipt. Cele pe care le avem deja sunt doar spre Turcia, iar clujenii care aleg Egiptul ca destina\u0163ie de vacan\u0163\u0103 sunt nevoi\u0163i s\u0103 treac\u0103 pe la Bucure\u015fti\u201d, a ad\u0103ugat reprezentanta agen\u0163iei. V\u00e2nz\u0103rile la pachetele turistice pentru cele dou\u0103 \u0163\u0103ri au crescut de 2,5 ori fa\u0163\u0103 de anul 2009. Operatorul sus\u0163ine c\u0103 a trimis deja \u00een vacan\u0163\u0103 75% din volumul total al turi\u015ftilor din 2009.<\/p>\n<p>Florentina T\u0102TAR<br \/>\nflorentinatatar@ziuadecj.ro<\/p>\n","protected":false},"excerpt":{"rendered":"<p>Recesiunea, dar \u015fi tensiunile sociale din Grecia i-au determinat pe cei care alegeau aceast\u0103 destina\u0163ie s\u0103 se \u00eendrepte spre alte loca\u0163ii, mai exotice. Locuri de vis ca Palma de Mallorca, Muntenegru, Antalya, Egipt, dar \u015fi croazierele \u00een Marea Caraibilor sunt preferate acum de clujeni. \u201cPerla Mediteranei\u201d, cum este numit\u0103 adesea Palma de Mallorca, a fost&#8230;  <a class=\"excerpt-read-more\" href=\"https:\/\/www.croaziere.net\/blog\/in-plina-criza-clujenii-prefera-palma-de-mallorca-si-croazierele\/\" title=\"Read\u00cen plin\u0103 criz\u0103, clujenii prefer\u0103 Palma de Mallorca \u015fi croazierele\">Citeste mai mult &raquo;<\/a><\/p>\n","protected":false},"author":11,"featured_media":0,"comment_status":"open","ping_status":"open","sticky":false,"template":"","format":"standard","meta":[],"categories":[922],"tags":[],"yoast_head":"<!-- This site is optimized with the Yoast SEO plugin v17.7.1 - https:\/\/yoast.com\/wordpress\/plugins\/seo\/ -->\n<meta name=\"robots\" content=\"index, follow, max-snippet:-1, max-image-preview:large, max-video-preview:-1\" \/>\n<link rel=\"canonical\" href=\"https:\/\/www.croaziere.net\/blog\/in-plina-criza-clujenii-prefera-palma-de-mallorca-si-croazierele\/\" \/>\n<meta property=\"og:locale\" content=\"en_US\" \/>\n<meta property=\"og:type\" content=\"article\" \/>\n<meta property=\"og:title\" content=\"\u00cen plin\u0103 criz\u0103, clujenii prefer\u0103 Palma de Mallorca \u015fi croazierele - Blog Croaziere.net\" \/>\n<meta property=\"og:description\" content=\"Recesiunea, dar \u015fi tensiunile sociale din Grecia i-au determinat pe cei care alegeau aceast\u0103 destina\u0163ie s\u0103 se \u00eendrepte spre alte loca\u0163ii, mai exotice. Locuri de vis ca Palma de Mallorca, Muntenegru, Antalya, Egipt, dar \u015fi croazierele \u00een Marea Caraibilor sunt preferate acum de clujeni. \u201cPerla Mediteranei\u201d, cum este numit\u0103 adesea Palma de Mallorca, a fost... Citeste mai mult &raquo;\" \/>\n<meta property=\"og:url\" content=\"https:\/\/www.croaziere.net\/blog\/in-plina-criza-clujenii-prefera-palma-de-mallorca-si-croazierele\/\" \/>\n<meta property=\"og:site_name\" content=\"Blog Croaziere.net\" \/>\n<meta property=\"article:published_time\" content=\"2010-07-22T14:27:30+00:00\" \/>\n<meta property=\"article:modified_time\" content=\"2015-09-03T19:48:46+00:00\" \/>\n<meta name=\"twitter:card\" content=\"summary\" \/>\n<meta name=\"twitter:label1\" content=\"Written by\" \/>\n\t<meta name=\"twitter:data1\" content=\"Casiana Basea\" \/>\n\t<meta name=\"twitter:label2\" content=\"Est. reading time\" \/>\n\t<meta name=\"twitter:data2\" content=\"4 minutes\" \/>\n<script type=\"application\/ld+json\" class=\"yoast-schema-graph\">{\"@context\":\"https:\/\/schema.org\",\"@graph\":[{\"@type\":\"WebSite\",\"@id\":\"https:\/\/www.croaziere.net\/blog\/#website\",\"url\":\"https:\/\/www.croaziere.net\/blog\/\",\"name\":\"Blog Croaziere.net\",\"description\":\"\",\"potentialAction\":[{\"@type\":\"SearchAction\",\"target\":{\"@type\":\"EntryPoint\",\"urlTemplate\":\"https:\/\/www.croaziere.net\/blog\/?s={search_term_string}\"},\"query-input\":\"required name=search_term_string\"}],\"inLanguage\":\"en-US\"},{\"@type\":\"WebPage\",\"@id\":\"https:\/\/www.croaziere.net\/blog\/in-plina-criza-clujenii-prefera-palma-de-mallorca-si-croazierele\/#webpage\",\"url\":\"https:\/\/www.croaziere.net\/blog\/in-plina-criza-clujenii-prefera-palma-de-mallorca-si-croazierele\/\",\"name\":\"\\u00cen plin\\u0103 criz\\u0103, clujenii prefer\\u0103 Palma de Mallorca \\u015fi croazierele - Blog Croaziere.net\",\"isPartOf\":{\"@id\":\"https:\/\/www.croaziere.net\/blog\/#website\"},\"datePublished\":\"2010-07-22T14:27:30+00:00\",\"dateModified\":\"2015-09-03T19:48:46+00:00\",\"author\":{\"@id\":\"https:\/\/www.croaziere.net\/blog\/#\/schema\/person\/cf5d8a31d2f884ea2b475830c54d5748\"},\"breadcrumb\":{\"@id\":\"https:\/\/www.croaziere.net\/blog\/in-plina-criza-clujenii-prefera-palma-de-mallorca-si-croazierele\/#breadcrumb\"},\"inLanguage\":\"en-US\",\"potentialAction\":[{\"@type\":\"ReadAction\",\"target\":[\"https:\/\/www.croaziere.net\/blog\/in-plina-criza-clujenii-prefera-palma-de-mallorca-si-croazierele\/\"]}]},{\"@type\":\"BreadcrumbList\",\"@id\":\"https:\/\/www.croaziere.net\/blog\/in-plina-criza-clujenii-prefera-palma-de-mallorca-si-croazierele\/#breadcrumb\",\"itemListElement\":[{\"@type\":\"ListItem\",\"position\":1,\"name\":\"Home\",\"item\":\"https:\/\/www.croaziere.net\/blog\/\"},{\"@type\":\"ListItem\",\"position\":2,\"name\":\"\\u00cen plin\\u0103 criz\\u0103, clujenii prefer\\u0103 Palma de Mallorca \\u015fi croazierele\"}]},{\"@type\":\"Person\",\"@id\":\"https:\/\/www.croaziere.net\/blog\/#\/schema\/person\/cf5d8a31d2f884ea2b475830c54d5748\",\"name\":\"Casiana Basea\",\"image\":{\"@type\":\"ImageObject\",\"@id\":\"https:\/\/www.croaziere.net\/blog\/#personlogo\",\"inLanguage\":\"en-US\",\"url\":\"https:\/\/secure.gravatar.com\/avatar\/a19082e298ef9395c01bf4b13c2cf00e?s=96&d=mm&r=g\",\"contentUrl\":\"https:\/\/secure.gravatar.com\/avatar\/a19082e298ef9395c01bf4b13c2cf00e?s=96&d=mm&r=g\",\"caption\":\"Casiana Basea\"},\"sameAs\":[\"http:\/\/www.croaziere.net\"],\"url\":\"https:\/\/www.croaziere.net\/blog\/author\/casiana-basea\/\"}]}<\/script>\n<!-- \/ Yoast SEO plugin. -->","yoast_head_json":{"robots":{"index":"index","follow":"follow","max-snippet":"max-snippet:-1","max-image-preview":"max-image-preview:large","max-video-preview":"max-video-preview:-1"},"canonical":"https:\/\/www.croaziere.net\/blog\/in-plina-criza-clujenii-prefera-palma-de-mallorca-si-croazierele\/","og_locale":"en_US","og_type":"article","og_title":"\u00cen plin\u0103 criz\u0103, clujenii prefer\u0103 Palma de Mallorca \u015fi croazierele - Blog Croaziere.net","og_description":"Recesiunea, dar \u015fi tensiunile sociale din Grecia i-au determinat pe cei care alegeau aceast\u0103 destina\u0163ie s\u0103 se \u00eendrepte spre alte loca\u0163ii, mai exotice. Locuri de vis ca Palma de Mallorca, Muntenegru, Antalya, Egipt, dar \u015fi croazierele \u00een Marea Caraibilor sunt preferate acum de clujeni. \u201cPerla Mediteranei\u201d, cum este numit\u0103 adesea Palma de Mallorca, a fost... Citeste mai mult &raquo;","og_url":"https:\/\/www.croaziere.net\/blog\/in-plina-criza-clujenii-prefera-palma-de-mallorca-si-croazierele\/","og_site_name":"Blog Croaziere.net","article_published_time":"2010-07-22T14:27:30+00:00","article_modified_time":"2015-09-03T19:48:46+00:00","twitter_card":"summary","twitter_misc":{"Written by":"Casiana Basea","Est. reading time":"4 minutes"},"schema":{"@context":"https:\/\/schema.org","@graph":[{"@type":"WebSite","@id":"https:\/\/www.croaziere.net\/blog\/#website","url":"https:\/\/www.croaziere.net\/blog\/","name":"Blog Croaziere.net","description":"","potentialAction":[{"@type":"SearchAction","target":{"@type":"EntryPoint","urlTemplate":"https:\/\/www.croaziere.net\/blog\/?s={search_term_string}"},"query-input":"required name=search_term_string"}],"inLanguage":"en-US"},{"@type":"WebPage","@id":"https:\/\/www.croaziere.net\/blog\/in-plina-criza-clujenii-prefera-palma-de-mallorca-si-croazierele\/#webpage","url":"https:\/\/www.croaziere.net\/blog\/in-plina-criza-clujenii-prefera-palma-de-mallorca-si-croazierele\/","name":"\u00cen plin\u0103 criz\u0103, clujenii prefer\u0103 Palma de Mallorca \u015fi croazierele - Blog Croaziere.net","isPartOf":{"@id":"https:\/\/www.croaziere.net\/blog\/#website"},"datePublished":"2010-07-22T14:27:30+00:00","dateModified":"2015-09-03T19:48:46+00:00","author":{"@id":"https:\/\/www.croaziere.net\/blog\/#\/schema\/person\/cf5d8a31d2f884ea2b475830c54d5748"},"breadcrumb":{"@id":"https:\/\/www.croaziere.net\/blog\/in-plina-criza-clujenii-prefera-palma-de-mallorca-si-croazierele\/#breadcrumb"},"inLanguage":"en-US","potentialAction":[{"@type":"ReadAction","target":["https:\/\/www.croaziere.net\/blog\/in-plina-criza-clujenii-prefera-palma-de-mallorca-si-croazierele\/"]}]},{"@type":"BreadcrumbList","@id":"https:\/\/www.croaziere.net\/blog\/in-plina-criza-clujenii-prefera-palma-de-mallorca-si-croazierele\/#breadcrumb","itemListElement":[{"@type":"ListItem","position":1,"name":"Home","item":"https:\/\/www.croaziere.net\/blog\/"},{"@type":"ListItem","position":2,"name":"\u00cen plin\u0103 criz\u0103, clujenii prefer\u0103 Palma de Mallorca \u015fi croazierele"}]},{"@type":"Person","@id":"https:\/\/www.croaziere.net\/blog\/#\/schema\/person\/cf5d8a31d2f884ea2b475830c54d5748","name":"Casiana Basea","image":{"@type":"ImageObject","@id":"https:\/\/www.croaziere.net\/blog\/#personlogo","inLanguage":"en-US","url":"https:\/\/secure.gravatar.com\/avatar\/a19082e298ef9395c01bf4b13c2cf00e?s=96&d=mm&r=g","contentUrl":"https:\/\/secure.gravatar.com\/avatar\/a19082e298ef9395c01bf4b13c2cf00e?s=96&d=mm&r=g","caption":"Casiana Basea"},"sameAs":["http:\/\/www.croaziere.net"],"url":"https:\/\/www.croaziere.net\/blog\/author\/casiana-basea\/"}]}},"_links":{"self":[{"href":"https:\/\/www.croaziere.net\/blog\/wp-json\/wp\/v2\/posts\/1042"}],"collection":[{"href":"https:\/\/www.croaziere.net\/blog\/wp-json\/wp\/v2\/posts"}],"about":[{"href":"https:\/\/www.croaziere.net\/blog\/wp-json\/wp\/v2\/types\/post"}],"author":[{"embeddable":true,"href":"https:\/\/www.croaziere.net\/blog\/wp-json\/wp\/v2\/users\/11"}],"replies":[{"embeddable":true,"href":"https:\/\/www.croaziere.net\/blog\/wp-json\/wp\/v2\/comments?post=1042"}],"version-history":[{"count":0,"href":"https:\/\/www.croaziere.net\/blog\/wp-json\/wp\/v2\/posts\/1042\/revisions"}],"wp:attachment":[{"href":"https:\/\/www.croaziere.net\/blog\/wp-json\/wp\/v2\/media?parent=1042"}],"wp:term":[{"taxonomy":"category","embeddable":true,"href":"https:\/\/www.croaziere.net\/blog\/wp-json\/wp\/v2\/categories?post=1042"},{"taxonomy":"post_tag","embeddable":true,"href":"https:\/\/www.croaziere.net\/blog\/wp-json\/wp\/v2\/tags?post=1042"}],"curies":[{"name":"wp","href":"https:\/\/api.w.org\/{rel}","templated":true}]}}